{"id":5648,"date":"2026-04-30T21:43:11","date_gmt":"2026-04-30T20:43:11","guid":{"rendered":"https:\/\/fondazione.cc\/?p=5648"},"modified":"2026-05-01T13:57:38","modified_gmt":"2026-05-01T12:57:38","slug":"deversoir-10","status":"publish","type":"post","link":"https:\/\/fondazione.cc\/fr\/deversoirs-fr\/deversoir-10\/","title":{"rendered":"D\u00e9versoir #10"},"content":{"rendered":"\n<h5 class=\"wp-block-heading\" style=\"font-size:1.7rem\">Les d\u00e9versoirs sont des \u00e9v\u00e8nements artistiques intimistes au picardeau, combinant performance, cin\u00e9ma, musique et po\u00e9sie. <\/h5>\n\n\n\n<h2 class=\"wp-block-heading\" style=\"font-size:1.7rem\">Mars 2026, sortie de r\u00e9sidence de la cin\u00e9aste Johanna Schorn Kalinsky, laur\u00e9ate du Prix-r\u00e9sidence de la Fondazione au FIDMarseille.<\/h2>\n\n\n\n<div class=\"wp-block-jetpack-slideshow aligncenter\" data-autoplay=\"true\" data-delay=\"3\" data-effect=\"slide\" style=\"--aspect-ratio:calc(960 \/ 880)\"><div class=\"wp-block-jetpack-slideshow_container swiper\"><ul class=\"wp-block-jetpack-slideshow_swiper-wrapper swiper-wrapper\"><li class=\"wp-block-jetpack-slideshow_slide swiper-slide\"><figure><img data-recalc-dims=\"1\" loading=\"lazy\" decoding=\"async\" width=\"960\" height=\"880\" alt=\"\" class=\"wp-block-jetpack-slideshow_image wp-image-5580\" data-id=\"5580\" data-aspect-ratio=\"960 \/ 880\" src=\"https:\/\/i0.wp.com\/fondazione.cc\/fcc\/wp-content\/uploads\/2026\/04\/6150bef0-302d-4350-9f93-52c6cac19b7e-e1777562516541.jpg?resize=960%2C880&#038;ssl=1\" srcset=\"https:\/\/i0.wp.com\/fondazione.cc\/fcc\/wp-content\/uploads\/2026\/04\/6150bef0-302d-4350-9f93-52c6cac19b7e-e1777562516541.jpg?w=960&amp;ssl=1 960w, https:\/\/i0.wp.com\/fondazione.cc\/fcc\/wp-content\/uploads\/2026\/04\/6150bef0-302d-4350-9f93-52c6cac19b7e-e1777562516541.jpg?resize=300%2C275&amp;ssl=1 300w, https:\/\/i0.wp.com\/fondazione.cc\/fcc\/wp-content\/uploads\/2026\/04\/6150bef0-302d-4350-9f93-52c6cac19b7e-e1777562516541.jpg?resize=768%2C704&amp;ssl=1 768w\" sizes=\"(max-width: 960px) 100vw, 960px\" \/><figcaption class=\"wp-block-jetpack-slideshow_caption gallery-caption\">Nadia &#038; Ronny par Johanna Schorn Kalinsky<\/figcaption><\/figure><\/li><li class=\"wp-block-jetpack-slideshow_slide swiper-slide\"><figure><img data-recalc-dims=\"1\" loading=\"lazy\" decoding=\"async\" width=\"2560\" height=\"1435\" alt=\"\" class=\"wp-block-jetpack-slideshow_image wp-image-5641\" data-id=\"5641\" data-aspect-ratio=\"2560 \/ 1435\" src=\"https:\/\/i0.wp.com\/fondazione.cc\/fcc\/wp-content\/uploads\/2026\/04\/Capture-decran-2026-04-30-a-22.28.45-2-scaled.png?resize=2560%2C1435&#038;ssl=1\" srcset=\"https:\/\/i0.wp.com\/fondazione.cc\/fcc\/wp-content\/uploads\/2026\/04\/Capture-decran-2026-04-30-a-22.28.45-2-scaled.png?w=2560&amp;ssl=1 2560w, https:\/\/i0.wp.com\/fondazione.cc\/fcc\/wp-content\/uploads\/2026\/04\/Capture-decran-2026-04-30-a-22.28.45-2-scaled.png?resize=300%2C168&amp;ssl=1 300w, https:\/\/i0.wp.com\/fondazione.cc\/fcc\/wp-content\/uploads\/2026\/04\/Capture-decran-2026-04-30-a-22.28.45-2-scaled.png?resize=1024%2C574&amp;ssl=1 1024w, https:\/\/i0.wp.com\/fondazione.cc\/fcc\/wp-content\/uploads\/2026\/04\/Capture-decran-2026-04-30-a-22.28.45-2-scaled.png?resize=768%2C431&amp;ssl=1 768w, https:\/\/i0.wp.com\/fondazione.cc\/fcc\/wp-content\/uploads\/2026\/04\/Capture-decran-2026-04-30-a-22.28.45-2-scaled.png?resize=1536%2C861&amp;ssl=1 1536w, https:\/\/i0.wp.com\/fondazione.cc\/fcc\/wp-content\/uploads\/2026\/04\/Capture-decran-2026-04-30-a-22.28.45-2-scaled.png?resize=2048%2C1148&amp;ssl=1 2048w\" sizes=\"(max-width: 1000px) 100vw, 1000px\" \/><figcaption class=\"wp-block-jetpack-slideshow_caption gallery-caption\">Nadia &#038; Ronny par Johanna Schorn Kalinsky<\/figcaption><\/figure><\/li><li class=\"wp-block-jetpack-slideshow_slide swiper-slide\"><figure><img data-recalc-dims=\"1\" loading=\"lazy\" decoding=\"async\" width=\"2560\" height=\"1445\" alt=\"\" class=\"wp-block-jetpack-slideshow_image wp-image-5639\" data-id=\"5639\" data-aspect-ratio=\"2560 \/ 1445\" src=\"https:\/\/i0.wp.com\/fondazione.cc\/fcc\/wp-content\/uploads\/2026\/04\/Capture-decran-2026-04-30-a-22.29.16-3-scaled.png?resize=2560%2C1445&#038;ssl=1\" srcset=\"https:\/\/i0.wp.com\/fondazione.cc\/fcc\/wp-content\/uploads\/2026\/04\/Capture-decran-2026-04-30-a-22.29.16-3-scaled.png?w=2560&amp;ssl=1 2560w, https:\/\/i0.wp.com\/fondazione.cc\/fcc\/wp-content\/uploads\/2026\/04\/Capture-decran-2026-04-30-a-22.29.16-3-scaled.png?resize=300%2C169&amp;ssl=1 300w, https:\/\/i0.wp.com\/fondazione.cc\/fcc\/wp-content\/uploads\/2026\/04\/Capture-decran-2026-04-30-a-22.29.16-3-scaled.png?resize=1024%2C578&amp;ssl=1 1024w, https:\/\/i0.wp.com\/fondazione.cc\/fcc\/wp-content\/uploads\/2026\/04\/Capture-decran-2026-04-30-a-22.29.16-3-scaled.png?resize=768%2C433&amp;ssl=1 768w, https:\/\/i0.wp.com\/fondazione.cc\/fcc\/wp-content\/uploads\/2026\/04\/Capture-decran-2026-04-30-a-22.29.16-3-scaled.png?resize=1536%2C867&amp;ssl=1 1536w, https:\/\/i0.wp.com\/fondazione.cc\/fcc\/wp-content\/uploads\/2026\/04\/Capture-decran-2026-04-30-a-22.29.16-3-scaled.png?resize=2048%2C1156&amp;ssl=1 2048w\" sizes=\"(max-width: 1000px) 100vw, 1000px\" \/><figcaption class=\"wp-block-jetpack-slideshow_caption gallery-caption\">Nadia &#038; Ronny par Johanna Schorn Kalinsky<\/figcaption><\/figure><\/li><li class=\"wp-block-jetpack-slideshow_slide swiper-slide\"><figure><img data-recalc-dims=\"1\" loading=\"lazy\" decoding=\"async\" width=\"2560\" height=\"1441\" alt=\"\" class=\"wp-block-jetpack-slideshow_image wp-image-5637\" data-id=\"5637\" data-aspect-ratio=\"2560 \/ 1441\" src=\"https:\/\/i0.wp.com\/fondazione.cc\/fcc\/wp-content\/uploads\/2026\/04\/Capture-decran-2026-04-30-a-22.27.38-2-scaled.png?resize=2560%2C1441&#038;ssl=1\" srcset=\"https:\/\/i0.wp.com\/fondazione.cc\/fcc\/wp-content\/uploads\/2026\/04\/Capture-decran-2026-04-30-a-22.27.38-2-scaled.png?w=2560&amp;ssl=1 2560w, https:\/\/i0.wp.com\/fondazione.cc\/fcc\/wp-content\/uploads\/2026\/04\/Capture-decran-2026-04-30-a-22.27.38-2-scaled.png?resize=300%2C169&amp;ssl=1 300w, https:\/\/i0.wp.com\/fondazione.cc\/fcc\/wp-content\/uploads\/2026\/04\/Capture-decran-2026-04-30-a-22.27.38-2-scaled.png?resize=1024%2C576&amp;ssl=1 1024w, https:\/\/i0.wp.com\/fondazione.cc\/fcc\/wp-content\/uploads\/2026\/04\/Capture-decran-2026-04-30-a-22.27.38-2-scaled.png?resize=768%2C432&amp;ssl=1 768w, https:\/\/i0.wp.com\/fondazione.cc\/fcc\/wp-content\/uploads\/2026\/04\/Capture-decran-2026-04-30-a-22.27.38-2-scaled.png?resize=1536%2C865&amp;ssl=1 1536w, https:\/\/i0.wp.com\/fondazione.cc\/fcc\/wp-content\/uploads\/2026\/04\/Capture-decran-2026-04-30-a-22.27.38-2-scaled.png?resize=2048%2C1153&amp;ssl=1 2048w\" sizes=\"(max-width: 1000px) 100vw, 1000px\" \/><figcaption class=\"wp-block-jetpack-slideshow_caption gallery-caption\">Nadia &#038; Ronny par Johanna Schorn Kalinsky<\/figcaption><\/figure><\/li><li class=\"wp-block-jetpack-slideshow_slide swiper-slide\"><figure><img data-recalc-dims=\"1\" loading=\"lazy\" decoding=\"async\" width=\"2560\" height=\"1432\" alt=\"\" class=\"wp-block-jetpack-slideshow_image wp-image-5634\" data-id=\"5634\" data-aspect-ratio=\"2560 \/ 1432\" src=\"https:\/\/i0.wp.com\/fondazione.cc\/fcc\/wp-content\/uploads\/2026\/04\/Capture-decran-2026-04-30-a-22.26.00-2-scaled.png?resize=2560%2C1432&#038;ssl=1\" srcset=\"https:\/\/i0.wp.com\/fondazione.cc\/fcc\/wp-content\/uploads\/2026\/04\/Capture-decran-2026-04-30-a-22.26.00-2-scaled.png?w=2560&amp;ssl=1 2560w, https:\/\/i0.wp.com\/fondazione.cc\/fcc\/wp-content\/uploads\/2026\/04\/Capture-decran-2026-04-30-a-22.26.00-2-scaled.png?resize=300%2C168&amp;ssl=1 300w, https:\/\/i0.wp.com\/fondazione.cc\/fcc\/wp-content\/uploads\/2026\/04\/Capture-decran-2026-04-30-a-22.26.00-2-scaled.png?resize=1024%2C573&amp;ssl=1 1024w, https:\/\/i0.wp.com\/fondazione.cc\/fcc\/wp-content\/uploads\/2026\/04\/Capture-decran-2026-04-30-a-22.26.00-2-scaled.png?resize=768%2C430&amp;ssl=1 768w, https:\/\/i0.wp.com\/fondazione.cc\/fcc\/wp-content\/uploads\/2026\/04\/Capture-decran-2026-04-30-a-22.26.00-2-scaled.png?resize=1536%2C859&amp;ssl=1 1536w, https:\/\/i0.wp.com\/fondazione.cc\/fcc\/wp-content\/uploads\/2026\/04\/Capture-decran-2026-04-30-a-22.26.00-2-scaled.png?resize=2048%2C1146&amp;ssl=1 2048w\" sizes=\"(max-width: 1000px) 100vw, 1000px\" \/><figcaption class=\"wp-block-jetpack-slideshow_caption gallery-caption\">Nadia &#038; Ronny par Johanna Schorn Kalinsky<\/figcaption><\/figure><\/li><li class=\"wp-block-jetpack-slideshow_slide swiper-slide\"><figure><img data-recalc-dims=\"1\" loading=\"lazy\" decoding=\"async\" width=\"2560\" height=\"1447\" alt=\"\" class=\"wp-block-jetpack-slideshow_image wp-image-5620\" data-id=\"5620\" data-aspect-ratio=\"2560 \/ 1447\" src=\"https:\/\/i0.wp.com\/fondazione.cc\/fcc\/wp-content\/uploads\/2026\/04\/Capture-decran-2026-04-30-a-22.26.15-1-scaled.png?resize=2560%2C1447&#038;ssl=1\" srcset=\"https:\/\/i0.wp.com\/fondazione.cc\/fcc\/wp-content\/uploads\/2026\/04\/Capture-decran-2026-04-30-a-22.26.15-1-scaled.png?w=2560&amp;ssl=1 2560w, https:\/\/i0.wp.com\/fondazione.cc\/fcc\/wp-content\/uploads\/2026\/04\/Capture-decran-2026-04-30-a-22.26.15-1-scaled.png?resize=300%2C170&amp;ssl=1 300w, https:\/\/i0.wp.com\/fondazione.cc\/fcc\/wp-content\/uploads\/2026\/04\/Capture-decran-2026-04-30-a-22.26.15-1-scaled.png?resize=1024%2C579&amp;ssl=1 1024w, https:\/\/i0.wp.com\/fondazione.cc\/fcc\/wp-content\/uploads\/2026\/04\/Capture-decran-2026-04-30-a-22.26.15-1-scaled.png?resize=768%2C434&amp;ssl=1 768w, https:\/\/i0.wp.com\/fondazione.cc\/fcc\/wp-content\/uploads\/2026\/04\/Capture-decran-2026-04-30-a-22.26.15-1-scaled.png?resize=1536%2C868&amp;ssl=1 1536w, https:\/\/i0.wp.com\/fondazione.cc\/fcc\/wp-content\/uploads\/2026\/04\/Capture-decran-2026-04-30-a-22.26.15-1-scaled.png?resize=2048%2C1158&amp;ssl=1 2048w\" sizes=\"(max-width: 1000px) 100vw, 1000px\" \/><figcaption class=\"wp-block-jetpack-slideshow_caption gallery-caption\">Nadia &#038; Ronny par Johanna Schorn Kalinsky<\/figcaption><\/figure><\/li><\/ul><a class=\"wp-block-jetpack-slideshow_button-prev swiper-button-prev swiper-button-white\" role=\"button\"><\/a><a class=\"wp-block-jetpack-slideshow_button-next swiper-button-next swiper-button-white\" role=\"button\"><\/a><a aria-label=\"Pause Slideshow\" class=\"wp-block-jetpack-slideshow_button-pause\" role=\"button\"><\/a><div class=\"wp-block-jetpack-slideshow_pagination swiper-pagination swiper-pagination-white\"><\/div><\/div><\/div>\n\n\n\n<p>Johanna Schorn Kalinsky a re\u00e7u en 2025 le Prix-r\u00e9sidence de la Fondazione Claudia Cardinale pour son premier long m\u00e9trage, <em>FERNLICHT<\/em>. Elle a ainsi b\u00e9n\u00e9fici\u00e9 d\u2019une r\u00e9sidence dot\u00e9e d\u2019un mois, consacr\u00e9e \u00e0 la recherche et \u00e0 l\u2019\u00e9criture. En mars 2026, elle est arriv\u00e9e sans projet pr\u00e9cis, mais mue par des intuitions et surtout une question : quelles histoires devons-nous raconter en ces temps complexes, marqu\u00e9s par des r\u00e9cits de peur ? Et d\u2019o\u00f9 ?<\/p>\n\n\n\n<p>\u00c0 peine install\u00e9e, elle a d\u00e9cid\u00e9 de s\u2019ouvrir \u00e0 son environnement et de porter son regard vers les r\u00e9alit\u00e9s des personnes qui l\u2019entouraient. Tr\u00e8s vite, son attention a \u00e9t\u00e9 attir\u00e9e par Nadia et Ronny, un duo \u00e9troitement li\u00e9 au Picardeau dont l\u2019espi\u00e8glerie et la vitalit\u00e9 de la relation, t\u00e9moigne d&rsquo;une v\u00e9ritable solidarit\u00e9. Avec leur complicit\u00e9, elle les a film\u00e9 tout au long des 4 semaines de sa r\u00e9sidence, dans leurs multiples activit\u00e9s communes au travail, lieu de leur rencontre, qui se sont \u00e9tendues \u00e0 leurs vies personnelles. \u00c0 l\u2019issue desquelles Johanna Schorn a rassembl\u00e9 des notes visuelles issues de cette rencontre.<\/p>\n\n\n\n<p><\/p>\n\n\n\n<p><\/p>\n","protected":false},"excerpt":{"rendered":"<p>Les d\u00e9versoirs sont des \u00e9v\u00e8nements artistiques intimistes au picardeau, combinant performance, cin\u00e9ma, musique et po\u00e9sie. Mars 2026, sortie de r\u00e9sidence de la cin\u00e9aste Johanna Schorn Kalinsky, laur\u00e9ate du Prix-r\u00e9sidence de la Fondazione au FIDMarseille. Johanna Schorn Kalinsky a re\u00e7u en 2025 le Prix-r\u00e9sidence de la Fondazione Claudia Cardinale pour son premier long m\u00e9trage, FERNLICHT. Elle [&hellip;]<\/p>\n","protected":false},"author":2,"featured_media":5510,"comment_status":"open","ping_status":"open","sticky":false,"template":"","format":"standard","meta":{"give_campaign_id":0,"_jetpack_memberships_contains_paid_content":false,"footnotes":""},"categories":[52],"tags":[],"class_list":["post-5648","post","type-post","status-publish","format-standard","has-post-thumbnail","hentry","category-deversoirs-fr"],"jetpack_featured_media_url":"https:\/\/i0.wp.com\/fondazione.cc\/fcc\/wp-content\/uploads\/2026\/04\/Capture-decran-2026-04-28-a-08.19.49.png?fit=1392%2C1392&ssl=1","featured_image_src":"https:\/\/fondazione.cc\/fcc\/wp-content\/uploads\/2026\/04\/Capture-decran-2026-04-28-a-08.19.49.png","featured_image_src_square":"https:\/\/fondazione.cc\/fcc\/wp-content\/uploads\/2026\/04\/Capture-decran-2026-04-28-a-08.19.49.png","author_info":{"display_name":"Perrine Gamot","author_link":"https:\/\/fondazione.cc\/fr\/author\/perrine_gamot\/"},"rbea_author_info":{"display_name":"Perrine Gamot","author_link":"https:\/\/fondazione.cc\/fr\/author\/perrine_gamot\/"},"rbea_excerpt_info":"Les d\u00e9versoirs sont des \u00e9v\u00e8nements artistiques intimistes au picardeau, combinant performance, cin\u00e9ma, musique et po\u00e9sie. Mars 2026, sortie de r\u00e9sidence de la cin\u00e9aste Johanna Schorn Kalinsky, laur\u00e9ate du Prix-r\u00e9sidence de la Fondazione au FIDMarseille. Johanna Schorn Kalinsky a re\u00e7u en 2025 le Prix-r\u00e9sidence de la Fondazione Claudia Cardinale pour son premier long m\u00e9trage, FERNLICHT. Elle [&hellip;]","category_list":"<a href=\"https:\/\/fondazione.cc\/fr\/category\/deversoirs-fr\/\" rel=\"category tag\">D\u00e9versoirs-fr<\/a>","comments_num":"0 comments","jetpack_sharing_enabled":true,"_links":{"self":[{"href":"https:\/\/fondazione.cc\/fr\/wp-json\/wp\/v2\/posts\/5648","targetHints":{"allow":["GET"]}}],"collection":[{"href":"https:\/\/fondazione.cc\/fr\/wp-json\/wp\/v2\/posts"}],"about":[{"href":"https:\/\/fondazione.cc\/fr\/wp-json\/wp\/v2\/types\/post"}],"author":[{"embeddable":true,"href":"https:\/\/fondazione.cc\/fr\/wp-json\/wp\/v2\/users\/2"}],"replies":[{"embeddable":true,"href":"https:\/\/fondazione.cc\/fr\/wp-json\/wp\/v2\/comments?post=5648"}],"version-history":[{"count":3,"href":"https:\/\/fondazione.cc\/fr\/wp-json\/wp\/v2\/posts\/5648\/revisions"}],"predecessor-version":[{"id":5658,"href":"https:\/\/fondazione.cc\/fr\/wp-json\/wp\/v2\/posts\/5648\/revisions\/5658"}],"wp:featuredmedia":[{"embeddable":true,"href":"https:\/\/fondazione.cc\/fr\/wp-json\/wp\/v2\/media\/5510"}],"wp:attachment":[{"href":"https:\/\/fondazione.cc\/fr\/wp-json\/wp\/v2\/media?parent=5648"}],"wp:term":[{"taxonomy":"category","embeddable":true,"href":"https:\/\/fondazione.cc\/fr\/wp-json\/wp\/v2\/categories?post=5648"},{"taxonomy":"post_tag","embeddable":true,"href":"https:\/\/fondazione.cc\/fr\/wp-json\/wp\/v2\/tags?post=5648"}],"curies":[{"name":"wp","href":"https:\/\/api.w.org\/{rel}","templated":true}]}}