{"id":5323,"date":"2026-01-20T14:26:44","date_gmt":"2026-01-20T13:26:44","guid":{"rendered":"https:\/\/fondazione.cc\/?p=5323"},"modified":"2026-02-02T11:49:18","modified_gmt":"2026-02-02T10:49:18","slug":"in-situ-isabelle-prim","status":"publish","type":"post","link":"https:\/\/fondazione.cc\/fr\/in-situ-fr\/in-situ-isabelle-prim\/","title":{"rendered":"Isabelle Prim"},"content":{"rendered":"\n<p class=\"fixed-post-title\">IN SITU<\/p>\n\n\n\n<h5 class=\"wp-block-heading\" style=\"font-size:2.2rem\"><em>In Situ<\/em> accompagne un artiste dans la production d&rsquo;une nouvelle \u0153uvre.<\/h5>\n\n\n\n<h2 class=\"wp-block-heading\"><em>Autobiographie d&rsquo;un blaireau<\/em>, un film en cours de la r\u00e9alisatrice Isabelle Prim.<\/h2>\n\n\n\n<p>La Fondazione Claudia Cardinale a invit\u00e9 la r\u00e9alisatrice Isabelle Prim \u00e0 participer \u00e0 une r\u00e9sidence de production afin de travailler sur son nouveau projet de film : <em>Autobiographie d&rsquo;un blaireau<\/em>. Un projet pens\u00e9 comme une com\u00e9die philosophique, un r\u00e9cit fictif en partie bas\u00e9 sur des archives, mettant en sc\u00e8ne le personnage historique d&rsquo;Henri Breuil, le premier pr\u00e9historien \u00e0 avoir visit\u00e9 la c\u00e9l\u00e8bre grotte de Lascaux apr\u00e8s sa d\u00e9couverte par des enfants.<\/p>\n\n\n\n<p><em>L\u2019abb\u00e9 Breuil (1877\u20131961), pr\u00eatre et pr\u00e9historien renomm\u00e9 qui r\u00e9v\u00e9la au monde l\u2019existence des grottes orn\u00e9es, re\u00e7oit un myst\u00e9rieux appel venu du futur. Un groupe d\u2019astronautes, en repos dans un sanatorium avant leur mission, l\u2019invite \u00e0 venir parler de sa vie d\u2019explorateur. Cette rencontre ravive en lui le d\u00e9sir d\u2019\u00e9crire ses m\u00e9moires \u2014 mais, loin de ranimer le souffle de la d\u00e9couverte, elle fait surgir le doute et le remords. Et si toute conqu\u00eate ne menait qu\u2019\u00e0 la ruine ? Si toute d\u00e9couverte impliquait une perte ? De ce vertige, si profond\u00e9ment moderne, s\u2019ouvrent les galeries d\u2019un film oscillant entre com\u00e9die et drame, dont l\u2019abb\u00e9 \u2014 le blaireau \u2014 est le h\u00e9ros. D\u00e9tourn\u00e9 du futur, de Suzanne et des astronautes, l&rsquo;animal autobiographique se terre dans l\u2019\u00e9criture, en qu\u00eate du pass\u00e9 et de l\u2019enfance.<\/em><\/p>\n\n\n\n<p>En explorant le territoire Isabelle Prim a trouv\u00e9 dans le paysage local un cadre id\u00e9al pour son film et en situe le r\u00e9cit entre Le Picardeau, le mus\u00e9e de Pr\u00e9histoire d&rsquo;\u00cele-de-France, les paroisses locales et la for\u00eat. La Fondazione l\u2019accompagne dans le processus d\u2019\u00e9criture et de production en mettant \u00e0 disposition les espaces du Picardeau, en partageant ses connaissances du territoire et son r\u00e9seau de partenaires. Le film en cours est coproduit par Ecce films et se d\u00e9ploie avec le concours de nos partenaires, le mus\u00e9e Pr\u00e9histoire, Dune productions et Smac productions <\/p>\n\n\n\n<div class=\"wp-block-jetpack-slideshow aligncenter\" data-autoplay=\"true\" data-delay=\"5\" data-effect=\"slide\" style=\"--aspect-ratio:calc(1024 \/ 576)\"><div class=\"wp-block-jetpack-slideshow_container swiper\"><ul class=\"wp-block-jetpack-slideshow_swiper-wrapper swiper-wrapper\"><li class=\"wp-block-jetpack-slideshow_slide swiper-slide\"><figure><img data-recalc-dims=\"1\" loading=\"lazy\" decoding=\"async\" width=\"1024\" height=\"576\" alt=\"\" class=\"wp-block-jetpack-slideshow_image wp-image-5315\" data-id=\"5315\" data-aspect-ratio=\"1024 \/ 576\" src=\"https:\/\/i0.wp.com\/fondazione.cc\/fcc\/wp-content\/uploads\/2026\/01\/72.png?resize=1024%2C576&#038;ssl=1\" srcset=\"https:\/\/i0.wp.com\/fondazione.cc\/fcc\/wp-content\/uploads\/2026\/01\/72.png?resize=1024%2C576&amp;ssl=1 1024w, https:\/\/i0.wp.com\/fondazione.cc\/fcc\/wp-content\/uploads\/2026\/01\/72.png?resize=300%2C169&amp;ssl=1 300w, https:\/\/i0.wp.com\/fondazione.cc\/fcc\/wp-content\/uploads\/2026\/01\/72.png?resize=768%2C432&amp;ssl=1 768w, https:\/\/i0.wp.com\/fondazione.cc\/fcc\/wp-content\/uploads\/2026\/01\/72.png?resize=1536%2C864&amp;ssl=1 1536w, https:\/\/i0.wp.com\/fondazione.cc\/fcc\/wp-content\/uploads\/2026\/01\/72.png?w=1920&amp;ssl=1 1920w\" sizes=\"(max-width: 1000px) 100vw, 1000px\" \/><\/figure><\/li><li class=\"wp-block-jetpack-slideshow_slide swiper-slide\"><figure><img data-recalc-dims=\"1\" loading=\"lazy\" decoding=\"async\" width=\"1024\" height=\"576\" alt=\"\" class=\"wp-block-jetpack-slideshow_image wp-image-5313\" data-id=\"5313\" data-aspect-ratio=\"1024 \/ 576\" src=\"https:\/\/i0.wp.com\/fondazione.cc\/fcc\/wp-content\/uploads\/2026\/01\/120.png?resize=1024%2C576&#038;ssl=1\" srcset=\"https:\/\/i0.wp.com\/fondazione.cc\/fcc\/wp-content\/uploads\/2026\/01\/120.png?resize=1024%2C576&amp;ssl=1 1024w, https:\/\/i0.wp.com\/fondazione.cc\/fcc\/wp-content\/uploads\/2026\/01\/120.png?resize=300%2C169&amp;ssl=1 300w, https:\/\/i0.wp.com\/fondazione.cc\/fcc\/wp-content\/uploads\/2026\/01\/120.png?resize=768%2C432&amp;ssl=1 768w, https:\/\/i0.wp.com\/fondazione.cc\/fcc\/wp-content\/uploads\/2026\/01\/120.png?resize=1536%2C864&amp;ssl=1 1536w, https:\/\/i0.wp.com\/fondazione.cc\/fcc\/wp-content\/uploads\/2026\/01\/120.png?w=1920&amp;ssl=1 1920w\" sizes=\"(max-width: 1000px) 100vw, 1000px\" \/><\/figure><\/li><li class=\"wp-block-jetpack-slideshow_slide swiper-slide\"><figure><img data-recalc-dims=\"1\" loading=\"lazy\" decoding=\"async\" width=\"1024\" height=\"576\" alt=\"\" class=\"wp-block-jetpack-slideshow_image wp-image-5311\" data-id=\"5311\" data-aspect-ratio=\"1024 \/ 576\" src=\"https:\/\/i0.wp.com\/fondazione.cc\/fcc\/wp-content\/uploads\/2026\/01\/66.png?resize=1024%2C576&#038;ssl=1\" srcset=\"https:\/\/i0.wp.com\/fondazione.cc\/fcc\/wp-content\/uploads\/2026\/01\/66.png?resize=1024%2C576&amp;ssl=1 1024w, https:\/\/i0.wp.com\/fondazione.cc\/fcc\/wp-content\/uploads\/2026\/01\/66.png?resize=300%2C169&amp;ssl=1 300w, https:\/\/i0.wp.com\/fondazione.cc\/fcc\/wp-content\/uploads\/2026\/01\/66.png?resize=768%2C432&amp;ssl=1 768w, https:\/\/i0.wp.com\/fondazione.cc\/fcc\/wp-content\/uploads\/2026\/01\/66.png?resize=1536%2C864&amp;ssl=1 1536w, https:\/\/i0.wp.com\/fondazione.cc\/fcc\/wp-content\/uploads\/2026\/01\/66.png?w=1920&amp;ssl=1 1920w\" sizes=\"(max-width: 1000px) 100vw, 1000px\" \/><\/figure><\/li><li class=\"wp-block-jetpack-slideshow_slide swiper-slide\"><figure><img data-recalc-dims=\"1\" loading=\"lazy\" decoding=\"async\" width=\"1024\" height=\"576\" alt=\"\" class=\"wp-block-jetpack-slideshow_image wp-image-5309\" data-id=\"5309\" data-aspect-ratio=\"1024 \/ 576\" src=\"https:\/\/i0.wp.com\/fondazione.cc\/fcc\/wp-content\/uploads\/2026\/01\/39.png?resize=1024%2C576&#038;ssl=1\" srcset=\"https:\/\/i0.wp.com\/fondazione.cc\/fcc\/wp-content\/uploads\/2026\/01\/39.png?resize=1024%2C576&amp;ssl=1 1024w, https:\/\/i0.wp.com\/fondazione.cc\/fcc\/wp-content\/uploads\/2026\/01\/39.png?resize=300%2C169&amp;ssl=1 300w, https:\/\/i0.wp.com\/fondazione.cc\/fcc\/wp-content\/uploads\/2026\/01\/39.png?resize=768%2C432&amp;ssl=1 768w, https:\/\/i0.wp.com\/fondazione.cc\/fcc\/wp-content\/uploads\/2026\/01\/39.png?resize=1536%2C864&amp;ssl=1 1536w, https:\/\/i0.wp.com\/fondazione.cc\/fcc\/wp-content\/uploads\/2026\/01\/39.png?w=1920&amp;ssl=1 1920w\" sizes=\"(max-width: 1000px) 100vw, 1000px\" \/><\/figure><\/li><li class=\"wp-block-jetpack-slideshow_slide swiper-slide\"><figure><img data-recalc-dims=\"1\" loading=\"lazy\" decoding=\"async\" width=\"1024\" height=\"576\" alt=\"\" class=\"wp-block-jetpack-slideshow_image wp-image-5307\" data-id=\"5307\" data-aspect-ratio=\"1024 \/ 576\" src=\"https:\/\/i0.wp.com\/fondazione.cc\/fcc\/wp-content\/uploads\/2026\/01\/22.png?resize=1024%2C576&#038;ssl=1\" srcset=\"https:\/\/i0.wp.com\/fondazione.cc\/fcc\/wp-content\/uploads\/2026\/01\/22.png?resize=1024%2C576&amp;ssl=1 1024w, https:\/\/i0.wp.com\/fondazione.cc\/fcc\/wp-content\/uploads\/2026\/01\/22.png?resize=300%2C169&amp;ssl=1 300w, https:\/\/i0.wp.com\/fondazione.cc\/fcc\/wp-content\/uploads\/2026\/01\/22.png?resize=768%2C432&amp;ssl=1 768w, https:\/\/i0.wp.com\/fondazione.cc\/fcc\/wp-content\/uploads\/2026\/01\/22.png?resize=1536%2C864&amp;ssl=1 1536w, https:\/\/i0.wp.com\/fondazione.cc\/fcc\/wp-content\/uploads\/2026\/01\/22.png?w=1920&amp;ssl=1 1920w\" sizes=\"(max-width: 1000px) 100vw, 1000px\" \/><\/figure><\/li><\/ul><a class=\"wp-block-jetpack-slideshow_button-prev swiper-button-prev swiper-button-white\" role=\"button\"><\/a><a class=\"wp-block-jetpack-slideshow_button-next swiper-button-next swiper-button-white\" role=\"button\"><\/a><a aria-label=\"Pause Slideshow\" class=\"wp-block-jetpack-slideshow_button-pause\" role=\"button\"><\/a><div class=\"wp-block-jetpack-slideshow_pagination swiper-pagination swiper-pagination-white\"><\/div><\/div><\/div>\n\n\n\n<p><a href=\"https:\/\/www.isabelle-prim.com\/\">Isabelle Prim<\/a> est une cin\u00e9aste, monteuse, actrice et professeure de cin\u00e9ma vivant \u00e0 Paris. Elle est dipl\u00f4m\u00e9e du Fresnoy, Studio national (Tourcoing), de l&rsquo;Universit\u00e9 des Arts de Berlin, de l&rsquo;\u00c9cole nationale sup\u00e9rieure des beaux-arts de Lyon, de l&rsquo;\u00c9cole Sup\u00e9rieure Art et Design Grenoble-Valence et du Conservatoire d&rsquo;art dramatique de Grenoble.<\/p>\n\n\n\n<p>Alliant exp\u00e9rimentation et narration, ses films prennent souvent comme point de d\u00e9part des faits historiques, des archives ou des textes de litt\u00e9rature. <em>La Rouge et la Noire<\/em> (2011), <em>D\u00e9jeuner chez Gertrude Stein<\/em> (2013), <em>Le Souffleur de l&rsquo;affaire<\/em> (2014), <em>Mens<\/em> (2019), <em>Les Loups<\/em> (2024) et d&rsquo;autres ont \u00e9t\u00e9 projet\u00e9s dans de nombreux festivals internationaux et centres d&rsquo;art. Elle est la premi\u00e8re doctorante fran\u00e7aise en \u00e9tudes et pratiques artistiques, sous la supervision de l&rsquo;UQAM (Universit\u00e9 du Qu\u00e9bec \u00e0 Montr\u00e9al) et du Fresnoy, avec une th\u00e8se co-dirig\u00e9e par Georges Didi-Huberman. En tant que monteuse et actrice, elle a travaill\u00e9 avec Caroline Champetier, Luc Moullet, Jean-Claude Brisseau, Leos Carax, Doroth\u00e9e Smith, entre autres. Isabelle Prim enseigne la vid\u00e9o et le cin\u00e9ma \u00e0 l&rsquo;ESAM, l&rsquo;\u00e9cole des beaux-arts et des m\u00e9dias de Caen\/Cherbourg ou elle dirige <a href=\"https:\/\/sicinema.fr\/?-A-propos-\">Si Cin\u00e9ma<\/a>, le festival international des cin\u00e9mas en \u00e9coles d&rsquo;art. Ses films sont r\u00e9guli\u00e8rement produits par <a href=\"https:\/\/eccefilms.fr\/ISABELLE-PRIM\" data-type=\"link\" data-id=\"https:\/\/eccefilms.fr\/ISABELLE-PRIM\">Ecce films<\/a>, Paris.<\/p>\n\n\n\n<div class=\"wp-block-columns is-layout-flex wp-container-core-columns-is-layout-65524019 wp-block-columns-is-layout-flex\" style=\"border-top-color:var(--wp--preset--color--primary);border-top-width:1px;padding-top:var(--wp--preset--spacing--60);padding-bottom:var(--wp--preset--spacing--60)\">\n<div class=\"wp-block-column is-layout-flow wp-container-core-column-is-layout-43dc041e wp-block-column-is-layout-flow\" style=\"padding-top:0;padding-right:0;padding-bottom:0;padding-left:0;flex-basis:15%\">\n<figure class=\"wp-block-image size-full\" style=\"margin-top:0;margin-right:0;margin-bottom:0;margin-left:0\"><a href=\"https:\/\/fondazione.cc\/fr\/in-situ\/\"><img data-recalc-dims=\"1\" loading=\"lazy\" decoding=\"async\" width=\"949\" height=\"948\" src=\"https:\/\/i0.wp.com\/fondazione.cc\/fcc\/wp-content\/uploads\/2025\/07\/insitucircle.png?resize=949%2C948&#038;ssl=1\" alt=\"\" class=\"wp-image-4496\" style=\"aspect-ratio:1;object-fit:cover\" srcset=\"https:\/\/i0.wp.com\/fondazione.cc\/fcc\/wp-content\/uploads\/2025\/07\/insitucircle.png?w=949&amp;ssl=1 949w, https:\/\/i0.wp.com\/fondazione.cc\/fcc\/wp-content\/uploads\/2025\/07\/insitucircle.png?resize=300%2C300&amp;ssl=1 300w, https:\/\/i0.wp.com\/fondazione.cc\/fcc\/wp-content\/uploads\/2025\/07\/insitucircle.png?resize=150%2C150&amp;ssl=1 150w, https:\/\/i0.wp.com\/fondazione.cc\/fcc\/wp-content\/uploads\/2025\/07\/insitucircle.png?resize=768%2C767&amp;ssl=1 768w, https:\/\/i0.wp.com\/fondazione.cc\/fcc\/wp-content\/uploads\/2025\/07\/insitucircle.png?resize=50%2C50&amp;ssl=1 50w\" sizes=\"auto, (max-width: 949px) 100vw, 949px\" \/><\/a><\/figure>\n<\/div>\n\n\n\n<div class=\"wp-block-column is-layout-flow wp-block-column-is-layout-flow\" style=\"flex-basis:85%\">\n<div class=\"wp-block-query is-layout-flow wp-block-query-is-layout-flow\"><ul class=\"columns-5 wp-block-post-template is-layout-grid wp-container-core-post-template-is-layout-bd7ed1ff wp-block-post-template-is-layout-grid\"><li class=\"wp-block-post post-4503 post type-post status-publish format-standard has-post-thumbnail hentry category-in-situ-fr\">\n<figure class=\"wp-block-post-featured-image\"><a href=\"https:\/\/fondazione.cc\/fr\/in-situ-fr\/in-situ-marie-losier\/\" target=\"_self\"  ><img data-recalc-dims=\"1\" loading=\"lazy\" decoding=\"async\" width=\"600\" height=\"600\" src=\"https:\/\/i0.wp.com\/fondazione.cc\/fcc\/wp-content\/uploads\/2026\/01\/2377-12-scaled-e1769011072228.jpg?resize=600%2C600&#038;ssl=1\" class=\"attachment-post-thumbnail size-post-thumbnail wp-post-image\" alt=\"Marie Losier\" style=\"border-radius:100%;object-fit:cover;\" data-attachment-id=\"5395\" data-permalink=\"https:\/\/fondazione.cc\/fr\/2377-12\/\" data-orig-file=\"https:\/\/i0.wp.com\/fondazione.cc\/fcc\/wp-content\/uploads\/2026\/01\/2377-12-scaled-e1769011072228.jpg?fit=600%2C600&amp;ssl=1\" data-orig-size=\"600,600\" data-comments-opened=\"1\" data-image-meta=\"{&quot;aperture&quot;:&quot;0&quot;,&quot;credit&quot;:&quot;&quot;,&quot;camera&quot;:&quot;SP-3000&quot;,&quot;caption&quot;:&quot;&quot;,&quot;created_timestamp&quot;:&quot;1722434400&quot;,&quot;copyright&quot;:&quot;&quot;,&quot;focal_length&quot;:&quot;0&quot;,&quot;iso&quot;:&quot;0&quot;,&quot;shutter_speed&quot;:&quot;0&quot;,&quot;title&quot;:&quot;&quot;,&quot;orientation&quot;:&quot;1&quot;}\" data-image-title=\"2377-12\" data-image-description=\"\" data-image-caption=\"\" data-large-file=\"https:\/\/i0.wp.com\/fondazione.cc\/fcc\/wp-content\/uploads\/2026\/01\/2377-12-scaled-e1769011072228.jpg?fit=1024%2C1024&amp;ssl=1\" \/><\/a><\/figure>\n\n<h5 style=\"font-size:1.4rem;font-style:normal;font-weight:100; padding-top:0;padding-bottom:0;margin-top:var(--wp--preset--spacing--20);margin-bottom:var(--wp--preset--spacing--20);\" class=\"has-text-align-center wp-block-post-title\"><a href=\"https:\/\/fondazione.cc\/fr\/in-situ-fr\/in-situ-marie-losier\/\" target=\"_self\" >Marie Losier<\/a><\/h5>\n<\/li><li class=\"wp-block-post post-4505 post type-post status-publish format-standard has-post-thumbnail hentry category-in-situ-fr\">\n<figure class=\"wp-block-post-featured-image\"><a href=\"https:\/\/fondazione.cc\/fr\/in-situ-fr\/manuel-maria-perrone\/\" target=\"_self\"  ><img data-recalc-dims=\"1\" loading=\"lazy\" decoding=\"async\" width=\"1187\" height=\"1187\" src=\"https:\/\/i0.wp.com\/fondazione.cc\/fcc\/wp-content\/uploads\/2025\/07\/Screenshot-2025-07-30-at-13.38.03.png?resize=1187%2C1187&#038;ssl=1\" class=\"attachment-post-thumbnail size-post-thumbnail wp-post-image\" alt=\"Manuel Maria Perrone\" style=\"border-radius:100%;object-fit:cover;\" srcset=\"https:\/\/i0.wp.com\/fondazione.cc\/fcc\/wp-content\/uploads\/2025\/07\/Screenshot-2025-07-30-at-13.38.03.png?w=1187&amp;ssl=1 1187w, https:\/\/i0.wp.com\/fondazione.cc\/fcc\/wp-content\/uploads\/2025\/07\/Screenshot-2025-07-30-at-13.38.03.png?resize=300%2C300&amp;ssl=1 300w, https:\/\/i0.wp.com\/fondazione.cc\/fcc\/wp-content\/uploads\/2025\/07\/Screenshot-2025-07-30-at-13.38.03.png?resize=1024%2C1024&amp;ssl=1 1024w, https:\/\/i0.wp.com\/fondazione.cc\/fcc\/wp-content\/uploads\/2025\/07\/Screenshot-2025-07-30-at-13.38.03.png?resize=150%2C150&amp;ssl=1 150w, https:\/\/i0.wp.com\/fondazione.cc\/fcc\/wp-content\/uploads\/2025\/07\/Screenshot-2025-07-30-at-13.38.03.png?resize=768%2C768&amp;ssl=1 768w, https:\/\/i0.wp.com\/fondazione.cc\/fcc\/wp-content\/uploads\/2025\/07\/Screenshot-2025-07-30-at-13.38.03.png?resize=50%2C50&amp;ssl=1 50w\" sizes=\"auto, (max-width: 1000px) 100vw, 1000px\" data-attachment-id=\"4493\" data-permalink=\"https:\/\/fondazione.cc\/fr\/screenshot-2025-07-30-at-13-38-03-2\/\" data-orig-file=\"https:\/\/i0.wp.com\/fondazione.cc\/fcc\/wp-content\/uploads\/2025\/07\/Screenshot-2025-07-30-at-13.38.03.png?fit=1187%2C1187&amp;ssl=1\" data-orig-size=\"1187,1187\" data-comments-opened=\"1\" data-image-meta=\"{&quot;aperture&quot;:&quot;0&quot;,&quot;credit&quot;:&quot;&quot;,&quot;camera&quot;:&quot;&quot;,&quot;caption&quot;:&quot;&quot;,&quot;created_timestamp&quot;:&quot;0&quot;,&quot;copyright&quot;:&quot;&quot;,&quot;focal_length&quot;:&quot;0&quot;,&quot;iso&quot;:&quot;0&quot;,&quot;shutter_speed&quot;:&quot;0&quot;,&quot;title&quot;:&quot;&quot;,&quot;orientation&quot;:&quot;0&quot;}\" data-image-title=\"Screenshot 2025-07-30 at 13.38.03\" data-image-description=\"\" data-image-caption=\"\" data-large-file=\"https:\/\/i0.wp.com\/fondazione.cc\/fcc\/wp-content\/uploads\/2025\/07\/Screenshot-2025-07-30-at-13.38.03.png?fit=1024%2C1024&amp;ssl=1\" \/><\/a><\/figure>\n\n<h5 style=\"font-size:1.4rem;font-style:normal;font-weight:100; padding-top:0;padding-bottom:0;margin-top:var(--wp--preset--spacing--20);margin-bottom:var(--wp--preset--spacing--20);\" class=\"has-text-align-center wp-block-post-title\"><a href=\"https:\/\/fondazione.cc\/fr\/in-situ-fr\/manuel-maria-perrone\/\" target=\"_self\" >Manuel Maria Perrone<\/a><\/h5>\n<\/li><\/ul><\/div>\n<\/div>\n<\/div>\n","protected":false},"excerpt":{"rendered":"<p>IN SITU In Situ accompagne un artiste dans la production d&rsquo;une nouvelle \u0153uvre. Autobiographie d&rsquo;un blaireau, un film en cours de la r\u00e9alisatrice Isabelle Prim. La Fondazione Claudia Cardinale a invit\u00e9 la r\u00e9alisatrice Isabelle Prim \u00e0 participer \u00e0 une r\u00e9sidence de production afin de travailler sur son nouveau projet de film : Autobiographie d&rsquo;un blaireau. [&hellip;]<\/p>\n","protected":false},"author":2,"featured_media":5352,"comment_status":"closed","ping_status":"closed","sticky":false,"template":"","format":"standard","meta":{"give_campaign_id":0,"_jetpack_memberships_contains_paid_content":false,"footnotes":""},"categories":[50],"tags":[],"class_list":["post-5323","post","type-post","status-publish","format-standard","has-post-thumbnail","hentry","category-in-situ-fr"],"jetpack_featured_media_url":"https:\/\/i0.wp.com\/fondazione.cc\/fcc\/wp-content\/uploads\/2026\/01\/39-copy-1.png?fit=478%2C478&ssl=1","featured_image_src":"https:\/\/fondazione.cc\/fcc\/wp-content\/uploads\/2026\/01\/39-copy-1.png","featured_image_src_square":"https:\/\/fondazione.cc\/fcc\/wp-content\/uploads\/2026\/01\/39-copy-1.png","author_info":{"display_name":"Perrine Gamot","author_link":"https:\/\/fondazione.cc\/fr\/author\/perrine_gamot\/"},"rbea_author_info":{"display_name":"Perrine Gamot","author_link":"https:\/\/fondazione.cc\/fr\/author\/perrine_gamot\/"},"rbea_excerpt_info":"IN SITU In Situ accompagne un artiste dans la production d&rsquo;une nouvelle \u0153uvre. Autobiographie d&rsquo;un blaireau, un film en cours de la r\u00e9alisatrice Isabelle Prim. La Fondazione Claudia Cardinale a invit\u00e9 la r\u00e9alisatrice Isabelle Prim \u00e0 participer \u00e0 une r\u00e9sidence de production afin de travailler sur son nouveau projet de film : Autobiographie d&rsquo;un blaireau. [&hellip;]","category_list":"<a href=\"https:\/\/fondazione.cc\/fr\/category\/in-situ-fr\/\" rel=\"category tag\">IN SITU-fr<\/a>","comments_num":"0 comments","jetpack_sharing_enabled":true,"_links":{"self":[{"href":"https:\/\/fondazione.cc\/fr\/wp-json\/wp\/v2\/posts\/5323","targetHints":{"allow":["GET"]}}],"collection":[{"href":"https:\/\/fondazione.cc\/fr\/wp-json\/wp\/v2\/posts"}],"about":[{"href":"https:\/\/fondazione.cc\/fr\/wp-json\/wp\/v2\/types\/post"}],"author":[{"embeddable":true,"href":"https:\/\/fondazione.cc\/fr\/wp-json\/wp\/v2\/users\/2"}],"replies":[{"embeddable":true,"href":"https:\/\/fondazione.cc\/fr\/wp-json\/wp\/v2\/comments?post=5323"}],"version-history":[{"count":9,"href":"https:\/\/fondazione.cc\/fr\/wp-json\/wp\/v2\/posts\/5323\/revisions"}],"predecessor-version":[{"id":5408,"href":"https:\/\/fondazione.cc\/fr\/wp-json\/wp\/v2\/posts\/5323\/revisions\/5408"}],"wp:featuredmedia":[{"embeddable":true,"href":"https:\/\/fondazione.cc\/fr\/wp-json\/wp\/v2\/media\/5352"}],"wp:attachment":[{"href":"https:\/\/fondazione.cc\/fr\/wp-json\/wp\/v2\/media?parent=5323"}],"wp:term":[{"taxonomy":"category","embeddable":true,"href":"https:\/\/fondazione.cc\/fr\/wp-json\/wp\/v2\/categories?post=5323"},{"taxonomy":"post_tag","embeddable":true,"href":"https:\/\/fondazione.cc\/fr\/wp-json\/wp\/v2\/tags?post=5323"}],"curies":[{"name":"wp","href":"https:\/\/api.w.org\/{rel}","templated":true}]}}