{"id":4505,"date":"2025-07-30T12:28:15","date_gmt":"2025-07-30T11:28:15","guid":{"rendered":"https:\/\/fondazione.cc\/?p=4505"},"modified":"2026-03-10T11:30:02","modified_gmt":"2026-03-10T10:30:02","slug":"manuel-maria-perrone","status":"publish","type":"post","link":"https:\/\/fondazione.cc\/fr\/in-situ-fr\/manuel-maria-perrone\/","title":{"rendered":"Manuel Maria Perrone"},"content":{"rendered":"\n<h5 class=\"wp-block-heading\" style=\"font-size:2.2rem\"><em>In Situ<\/em> accompagne un artiste dans la production d&rsquo;une nouvelle pi\u00e8ce.<\/h5>\n\n\n\n<h2 class=\"wp-block-heading\" style=\"font-size:2rem\">Manuel Maria Perrone, r\u00e9alise un portrait film\u00e9 de Claudia Cardinale aujourd&rsquo;hui.<\/h2>\n\n\n\n<p class=\"has-small-font-size\">La rencontre avec Manuel Maria Perrone et son \u0153uvre a fait na\u00eetre en 2023 l\u2019envie d\u2019immortaliser, \u00e0 travers un film po\u00e9tique, notre fondatrice et grande actrice Claudia Cardinale.<\/p>\n\n\n\n<p class=\"has-small-font-size\">L\u2019univers de Manuel explore largement les th\u00e8mes de l\u2019adoration et des rituels et leur relation \u00e0 la vie et \u00e0 la r\u00e9alit\u00e9 qui ont \u00e9t\u00e9 un point de d\u00e9part id\u00e9al pour aborder le portrait de Claudia Cardinale. le court m\u00e9trage <em>Un Cardinale Donna<\/em>, tourn\u00e9 \u00e0 Nemours en 2023, a \u00e9t\u00e9 produit pour accompagner la r\u00e9trospective en cours sur Claudia Cardinale, produite et promue par <a href=\"https:\/\/cinecitta.com\/promozione\/eventi\/cinecitta-rende-omaggio-a-claudia-cardinale\/\">Cinecitt\u00e0<\/a>. Cette r\u00e9trospective a \u00e9t\u00e9 inaugur\u00e9e au MoMA de New York du 3 au 21 f\u00e9vrier 2023, pour ensuite voyager \u00e0 Berkley, Paris et Francfort.<\/p>\n\n\n\n<p class=\"has-small-font-size\">Dans <em>Un Cardinale Donna<\/em>, le r\u00e9alisateur Manuel Maria Perrone, tel un funambule, marche sur la ligne fine entre les deux facettes de Claudia : la femme \u00e2g\u00e9e qu\u2019elle est aujourd\u2019hui et l\u2019ic\u00f4ne du cin\u00e9ma \u00e9ternellement jeune. Il accompagne Claudia dans un ballet entre souvenirs du pass\u00e9 et du pr\u00e9sent, cr\u00e9ant autour d\u2019elle la vivacit\u00e9 folle et circassienne d\u2019un plateau de cin\u00e9ma.<\/p>\n\n\n\n<figure class=\"wp-block-video wp-block-embed is-type-video is-provider-videopress\"><div class=\"wp-block-embed__wrapper\">\n<iframe title=\"VideoPress Video Player\" aria-label='VideoPress Video Player' width='500' height='257' src='https:\/\/videopress.com\/embed\/hstfRp26?cover=1&amp;posterUrl=https%3A%2F%2Ffondazione.cc%2Ffcc%2Fwp-content%2Fuploads%2F2023%2F01%2Fun_cardinale_donna_-_trailer-1440p_mp4_dvd.original.jpg&amp;preloadContent=metadata&amp;useAverageColor=1&amp;hd=0' frameborder='0' allowfullscreen data-resize-to-parent=\"true\" allow='clipboard-write'><\/iframe><script src='https:\/\/v0.wordpress.com\/js\/next\/videopress-iframe.js?m=1739540970'><\/script>\n<\/div><\/figure>\n\n\n\n<div class=\"wp-block-columns is-layout-flex wp-container-core-columns-is-layout-28f84493 wp-block-columns-is-layout-flex\">\n<div class=\"wp-block-column is-layout-flow wp-block-column-is-layout-flow\">\n<p><a href=\"https:\/\/lerreur.fr\/MANUEL-MARIA-PERRONE\">Manuel Maria Perrone<\/a>, est un sc\u00e9nariste de cin\u00e9ma, de radio et de th\u00e9\u00e2tre ainsi qu\u2019un r\u00e9alisateur et interpr\u00e8te. Ses \u0153uvres ont voyag\u00e9 \u00e0 la Quinzaine des r\u00e9alisateurs \u00e0 Cannes, \u00e0 la Villa M\u00e9dicis \u00e0 Rome et au Festival du film de Locarno. Il pr\u00e9pare actuellement son premier long m\u00e9trage, <em>L\u2019Ultima Cena<\/em>, Geraldine Chaplin, Milena Vukovik et Hanna Shygulla.<\/p>\n<\/div>\n<\/div>\n\n\n\n<div class=\"wp-block-columns is-layout-flex wp-container-core-columns-is-layout-65524019 wp-block-columns-is-layout-flex\" style=\"border-top-color:var(--wp--preset--color--primary);border-top-width:1px;padding-top:var(--wp--preset--spacing--60);padding-bottom:var(--wp--preset--spacing--60)\">\n<div class=\"wp-block-column is-layout-flow wp-container-core-column-is-layout-43dc041e wp-block-column-is-layout-flow\" style=\"padding-top:0;padding-right:0;padding-bottom:0;padding-left:0;flex-basis:15%\">\n<figure class=\"wp-block-image size-full\" style=\"margin-top:0;margin-right:0;margin-bottom:0;margin-left:0\"><a href=\"https:\/\/fondazione.cc\/fr\/in-situ\/\"><img data-recalc-dims=\"1\" loading=\"lazy\" decoding=\"async\" width=\"949\" height=\"948\" src=\"https:\/\/i0.wp.com\/fondazione.cc\/fcc\/wp-content\/uploads\/2025\/07\/insitucircle.png?resize=949%2C948&#038;ssl=1\" alt=\"\" class=\"wp-image-4496\" style=\"aspect-ratio:1;object-fit:cover\" srcset=\"https:\/\/i0.wp.com\/fondazione.cc\/fcc\/wp-content\/uploads\/2025\/07\/insitucircle.png?w=949&amp;ssl=1 949w, https:\/\/i0.wp.com\/fondazione.cc\/fcc\/wp-content\/uploads\/2025\/07\/insitucircle.png?resize=300%2C300&amp;ssl=1 300w, https:\/\/i0.wp.com\/fondazione.cc\/fcc\/wp-content\/uploads\/2025\/07\/insitucircle.png?resize=150%2C150&amp;ssl=1 150w, https:\/\/i0.wp.com\/fondazione.cc\/fcc\/wp-content\/uploads\/2025\/07\/insitucircle.png?resize=768%2C767&amp;ssl=1 768w, https:\/\/i0.wp.com\/fondazione.cc\/fcc\/wp-content\/uploads\/2025\/07\/insitucircle.png?resize=50%2C50&amp;ssl=1 50w\" sizes=\"auto, (max-width: 949px) 100vw, 949px\" \/><\/a><\/figure>\n<\/div>\n\n\n\n<div class=\"wp-block-column is-layout-flow wp-block-column-is-layout-flow\" style=\"flex-basis:85%\">\n<div class=\"wp-block-query is-layout-flow wp-block-query-is-layout-flow\"><ul class=\"columns-5 wp-block-post-template is-layout-grid wp-container-core-post-template-is-layout-bd7ed1ff wp-block-post-template-is-layout-grid\"><li class=\"wp-block-post post-5323 post type-post status-publish format-standard has-post-thumbnail hentry category-in-situ-fr\">\n<figure class=\"wp-block-post-featured-image\"><a href=\"https:\/\/fondazione.cc\/fr\/in-situ-fr\/in-situ-isabelle-prim\/\" target=\"_self\"  ><img data-recalc-dims=\"1\" loading=\"lazy\" decoding=\"async\" width=\"478\" height=\"478\" src=\"https:\/\/i0.wp.com\/fondazione.cc\/fcc\/wp-content\/uploads\/2026\/01\/39-copy-1.png?resize=478%2C478&#038;ssl=1\" class=\"attachment-post-thumbnail size-post-thumbnail wp-post-image\" alt=\"Isabelle Prim\" style=\"border-radius:100%;object-fit:cover;\" srcset=\"https:\/\/i0.wp.com\/fondazione.cc\/fcc\/wp-content\/uploads\/2026\/01\/39-copy-1.png?w=478&amp;ssl=1 478w, https:\/\/i0.wp.com\/fondazione.cc\/fcc\/wp-content\/uploads\/2026\/01\/39-copy-1.png?resize=300%2C300&amp;ssl=1 300w, https:\/\/i0.wp.com\/fondazione.cc\/fcc\/wp-content\/uploads\/2026\/01\/39-copy-1.png?resize=150%2C150&amp;ssl=1 150w, https:\/\/i0.wp.com\/fondazione.cc\/fcc\/wp-content\/uploads\/2026\/01\/39-copy-1.png?resize=50%2C50&amp;ssl=1 50w\" sizes=\"auto, (max-width: 478px) 100vw, 478px\" data-attachment-id=\"5352\" data-permalink=\"https:\/\/fondazione.cc\/fr\/39-copy-2\/\" data-orig-file=\"https:\/\/i0.wp.com\/fondazione.cc\/fcc\/wp-content\/uploads\/2026\/01\/39-copy-1.png?fit=478%2C478&amp;ssl=1\" data-orig-size=\"478,478\" data-comments-opened=\"1\" data-image-meta=\"{&quot;aperture&quot;:&quot;0&quot;,&quot;credit&quot;:&quot;&quot;,&quot;camera&quot;:&quot;&quot;,&quot;caption&quot;:&quot;&quot;,&quot;created_timestamp&quot;:&quot;0&quot;,&quot;copyright&quot;:&quot;&quot;,&quot;focal_length&quot;:&quot;0&quot;,&quot;iso&quot;:&quot;0&quot;,&quot;shutter_speed&quot;:&quot;0&quot;,&quot;title&quot;:&quot;&quot;,&quot;orientation&quot;:&quot;0&quot;}\" data-image-title=\"39 copy\" data-image-description=\"\" data-image-caption=\"\" data-large-file=\"https:\/\/i0.wp.com\/fondazione.cc\/fcc\/wp-content\/uploads\/2026\/01\/39-copy-1.png?fit=478%2C478&amp;ssl=1\" \/><\/a><\/figure>\n\n<h5 style=\"font-size:1.4rem;font-style:normal;font-weight:100; padding-top:0;padding-bottom:0;margin-top:var(--wp--preset--spacing--20);margin-bottom:var(--wp--preset--spacing--20);\" class=\"has-text-align-center wp-block-post-title\"><a href=\"https:\/\/fondazione.cc\/fr\/in-situ-fr\/in-situ-isabelle-prim\/\" target=\"_self\" >Isabelle Prim<\/a><\/h5>\n<\/li><li class=\"wp-block-post post-4503 post type-post status-publish format-standard has-post-thumbnail hentry category-in-situ-fr\">\n<figure class=\"wp-block-post-featured-image\"><a href=\"https:\/\/fondazione.cc\/fr\/in-situ-fr\/in-situ-marie-losier\/\" target=\"_self\"  ><img data-recalc-dims=\"1\" loading=\"lazy\" decoding=\"async\" width=\"600\" height=\"600\" src=\"https:\/\/i0.wp.com\/fondazione.cc\/fcc\/wp-content\/uploads\/2026\/01\/2377-12-scaled-e1769011072228.jpg?resize=600%2C600&#038;ssl=1\" class=\"attachment-post-thumbnail size-post-thumbnail wp-post-image\" alt=\"Marie Losier\" style=\"border-radius:100%;object-fit:cover;\" data-attachment-id=\"5395\" data-permalink=\"https:\/\/fondazione.cc\/fr\/2377-12\/\" data-orig-file=\"https:\/\/i0.wp.com\/fondazione.cc\/fcc\/wp-content\/uploads\/2026\/01\/2377-12-scaled-e1769011072228.jpg?fit=600%2C600&amp;ssl=1\" data-orig-size=\"600,600\" data-comments-opened=\"1\" data-image-meta=\"{&quot;aperture&quot;:&quot;0&quot;,&quot;credit&quot;:&quot;&quot;,&quot;camera&quot;:&quot;SP-3000&quot;,&quot;caption&quot;:&quot;&quot;,&quot;created_timestamp&quot;:&quot;1722434400&quot;,&quot;copyright&quot;:&quot;&quot;,&quot;focal_length&quot;:&quot;0&quot;,&quot;iso&quot;:&quot;0&quot;,&quot;shutter_speed&quot;:&quot;0&quot;,&quot;title&quot;:&quot;&quot;,&quot;orientation&quot;:&quot;1&quot;}\" data-image-title=\"2377-12\" data-image-description=\"\" data-image-caption=\"\" data-large-file=\"https:\/\/i0.wp.com\/fondazione.cc\/fcc\/wp-content\/uploads\/2026\/01\/2377-12-scaled-e1769011072228.jpg?fit=1024%2C1024&amp;ssl=1\" \/><\/a><\/figure>\n\n<h5 style=\"font-size:1.4rem;font-style:normal;font-weight:100; padding-top:0;padding-bottom:0;margin-top:var(--wp--preset--spacing--20);margin-bottom:var(--wp--preset--spacing--20);\" class=\"has-text-align-center wp-block-post-title\"><a href=\"https:\/\/fondazione.cc\/fr\/in-situ-fr\/in-situ-marie-losier\/\" target=\"_self\" >Marie Losier<\/a><\/h5>\n<\/li><\/ul><\/div>\n<\/div>\n<\/div>\n","protected":false},"excerpt":{"rendered":"<p>In Situ accompagne un artiste dans la production d&rsquo;une nouvelle pi\u00e8ce. Manuel Maria Perrone, r\u00e9alise un portrait film\u00e9 de Claudia Cardinale aujourd&rsquo;hui. La rencontre avec Manuel Maria Perrone et son \u0153uvre a fait na\u00eetre en 2023 l\u2019envie d\u2019immortaliser, \u00e0 travers un film po\u00e9tique, notre fondatrice et grande actrice Claudia Cardinale. L\u2019univers de Manuel explore largement [&hellip;]<\/p>\n","protected":false},"author":1,"featured_media":4493,"comment_status":"closed","ping_status":"closed","sticky":false,"template":"","format":"standard","meta":{"give_campaign_id":0,"_jetpack_memberships_contains_paid_content":false,"footnotes":""},"categories":[50],"tags":[],"class_list":["post-4505","post","type-post","status-publish","format-standard","has-post-thumbnail","hentry","category-in-situ-fr"],"jetpack_featured_media_url":"https:\/\/i0.wp.com\/fondazione.cc\/fcc\/wp-content\/uploads\/2025\/07\/Screenshot-2025-07-30-at-13.38.03.png?fit=1187%2C1187&ssl=1","featured_image_src":"https:\/\/fondazione.cc\/fcc\/wp-content\/uploads\/2025\/07\/Screenshot-2025-07-30-at-13.38.03.png","featured_image_src_square":"https:\/\/fondazione.cc\/fcc\/wp-content\/uploads\/2025\/07\/Screenshot-2025-07-30-at-13.38.03.png","author_info":{"display_name":"kasper_admin","author_link":"https:\/\/fondazione.cc\/fr\/author\/kasper_admin\/"},"rbea_author_info":{"display_name":"kasper_admin","author_link":"https:\/\/fondazione.cc\/fr\/author\/kasper_admin\/"},"rbea_excerpt_info":"In Situ accompagne un artiste dans la production d&rsquo;une nouvelle pi\u00e8ce. Manuel Maria Perrone, r\u00e9alise un portrait film\u00e9 de Claudia Cardinale aujourd&rsquo;hui. La rencontre avec Manuel Maria Perrone et son \u0153uvre a fait na\u00eetre en 2023 l\u2019envie d\u2019immortaliser, \u00e0 travers un film po\u00e9tique, notre fondatrice et grande actrice Claudia Cardinale. L\u2019univers de Manuel explore largement [&hellip;]","category_list":"<a href=\"https:\/\/fondazione.cc\/fr\/category\/in-situ-fr\/\" rel=\"category tag\">IN SITU-fr<\/a>","comments_num":"0 comments","jetpack_sharing_enabled":true,"_links":{"self":[{"href":"https:\/\/fondazione.cc\/fr\/wp-json\/wp\/v2\/posts\/4505","targetHints":{"allow":["GET"]}}],"collection":[{"href":"https:\/\/fondazione.cc\/fr\/wp-json\/wp\/v2\/posts"}],"about":[{"href":"https:\/\/fondazione.cc\/fr\/wp-json\/wp\/v2\/types\/post"}],"author":[{"embeddable":true,"href":"https:\/\/fondazione.cc\/fr\/wp-json\/wp\/v2\/users\/1"}],"replies":[{"embeddable":true,"href":"https:\/\/fondazione.cc\/fr\/wp-json\/wp\/v2\/comments?post=4505"}],"version-history":[{"count":6,"href":"https:\/\/fondazione.cc\/fr\/wp-json\/wp\/v2\/posts\/4505\/revisions"}],"predecessor-version":[{"id":5441,"href":"https:\/\/fondazione.cc\/fr\/wp-json\/wp\/v2\/posts\/4505\/revisions\/5441"}],"wp:featuredmedia":[{"embeddable":true,"href":"https:\/\/fondazione.cc\/fr\/wp-json\/wp\/v2\/media\/4493"}],"wp:attachment":[{"href":"https:\/\/fondazione.cc\/fr\/wp-json\/wp\/v2\/media?parent=4505"}],"wp:term":[{"taxonomy":"category","embeddable":true,"href":"https:\/\/fondazione.cc\/fr\/wp-json\/wp\/v2\/categories?post=4505"},{"taxonomy":"post_tag","embeddable":true,"href":"https:\/\/fondazione.cc\/fr\/wp-json\/wp\/v2\/tags?post=4505"}],"curies":[{"name":"wp","href":"https:\/\/api.w.org\/{rel}","templated":true}]}}